{"id":12578,"date":"2023-04-26T12:19:53","date_gmt":"2023-04-26T17:19:53","guid":{"rendered":"https:\/\/propuestaciudadana.org.pe\/forociudadano-celac-ue\/?p=12578"},"modified":"2023-05-10T17:05:55","modified_gmt":"2023-05-10T22:05:55","slug":"una-iniciativa-ciudadana-ante-el-relanzamiento-de-las-relaciones-celac-ue","status":"publish","type":"post","link":"https:\/\/propuestaciudadana.org.pe\/forociudadano-celac-ue\/una-iniciativa-ciudadana-ante-el-relanzamiento-de-las-relaciones-celac-ue\/","title":{"rendered":"Una iniciativa ciudadana ante el \u201crelanzamiento\u201d de las relaciones CELAC-UE"},"content":{"rendered":"<p><em>Segunda \u201cJornada de reflexi\u00f3n estrat\u00e9gica sobre el futuro de las relaciones CELAC-UE rumbo al 2023\u2026 y m\u00e1s all\u00e1\u201d<\/em><\/p>\n<p><em>\u00a0<\/em>Lima, 7 de diciembre de 2022<\/p>\n<p>Convocada\u00a0 por\u00a0 el\u00a0 <strong>Foro\u00a0 Ciudadano\u00a0 para\u00a0 las\u00a0 Relaciones\u00a0 CELAC-UE<\/strong>, y organizada por el Centro de Estudios y Promoci\u00f3n del Desarrollo &#8211; <strong>desco<\/strong>, Grupo Propuesta Ciudadana, Centro de la Mujer Peruana Flora Trist\u00e1n, Asociaci\u00f3n Arariwa (Per\u00fa), Red Nacional de Mujeres (Colombia), Coordinadora de la Mujer (Bolivia) y Pontificia Universidad Cat\u00f3lica de Ecuador (PUCE), el 7 de diciembre de 2022 tuvo lugar en Lima, Per\u00fa, la segunda \u201c<em>Jornada de reflexi\u00f3n estrat\u00e9gica sobre el futuro de las relaciones CELAC-UE rumbo al 2023 \u2026 y m\u00e1s all\u00e1<\/em>\u201d.<sup>1<\/sup><\/p>\n<p>Con esta actividad el <strong>Foro Ciudadano <\/strong>da continuidad a los trabajos iniciados con una reuni\u00f3n de similares caracter\u00edsticas celebrada en Montevideo, Uruguay, en el mes de noviembre, aunque en Lima la atenci\u00f3n estar\u00eda centrada en la regi\u00f3n andina a la que pertenecen las organizaciones e instituciones convocantes de esta segunda jornada de reflexi\u00f3n estrat\u00e9gica sobre el futuro de las relaciones CELAC-UE. En ocasi\u00f3n participaron representantes de ONG, instituciones acad\u00e9micas, feministas, agencias de cooperaci\u00f3n al desarrollo, peque\u00f1a y mediana empresa, medioambientalistas, profesionales, j\u00f3venes y organizaciones religiosas.<\/p>\n<p>Luego de sus palabras de bienvenida, Molvina Zeballos (desco \u2013 Foro Ciudadano para las Relaciones CELAC-UE) plante\u00f3 los objetivos de la jornada, centrados en los posibles roles de las organizaciones sociales ante el anunciado relanzamiento de las relaciones CELAC-UE. En especial hizo referencia a los resultados de la reciente reuni\u00f3n del 27 de octubre pasado en Buenos Aires de los Ministros de Relaciones Exteriores de ambos bloques, a partir de la cual se programa la celebraci\u00f3n de una nueva Cumbre de Jefas y Jefes de Estado y de Gobierno birregional a tener lugar durante el segundo semestre del a\u00f1o pr\u00f3ximo en ocasi\u00f3n de la presidencia espa\u00f1ola del Consejo de la UE. Con esta perspectiva, los integrantes andinos del <strong>Foro Ciudadano <\/strong>priorizaron tres temas a profundizar en la sesi\u00f3n de Lima en el marco de las relaciones CELAC-UE: i) Situaci\u00f3n y desaf\u00edos de la democracia y la gobernabilidad democr\u00e1tica; ii) Cambio de la matriz energ\u00e9tica y los desaf\u00edos del cambio clim\u00e1tico; y iii) La ofensiva conservadora contra derechos fundamentales de las mujeres y la comunidad LGTBI.<\/p>\n<p><a href=\"https:\/\/propuestaciudadana.org.pe\/forociudadano-celac-ue\/wp-content\/uploads\/2023\/04\/Conclusiones_Foro-Ciudadano_Montevideo_11112022_Final-1.pdf\">Foro Ciudadano Montevideo 11112022<\/a><\/p>\n","protected":false},"excerpt":{"rendered":"<p>Segunda \u201cJornada de reflexi\u00f3n estrat\u00e9gica sobre el futuro de las relaciones CELAC-UE rumbo al 2023\u2026 y m\u00e1s all\u00e1\u201d<\/p>\n<p>Lima, 7 de diciembre\u00a0de\u00a02022<\/p>\n","protected":false},"author":1,"featured_media":12581,"comment_status":"open","ping_status":"open","sticky":false,"template":"","format":"audio","meta":{"_et_pb_use_builder":"","_et_pb_old_content":"","_et_gb_content_width":"","footnotes":""},"categories":[1],"tags":[],"class_list":["post-12578","post","type-post","status-publish","format-audio","has-post-thumbnail","hentry","category-nuestro-trabajofile-d-alc_ue_2023-jornadas-osc_al_celac_ue_072023-reunion-mx_forobruselas_minuta_29062023-pd","post_format-post-format-audio"],"_links":{"self":[{"href":"https:\/\/propuestaciudadana.org.pe\/forociudadano-celac-ue\/wp-json\/wp\/v2\/posts\/12578","targetHints":{"allow":["GET"]}}],"collection":[{"href":"https:\/\/propuestaciudadana.org.pe\/forociudadano-celac-ue\/wp-json\/wp\/v2\/posts"}],"about":[{"href":"https:\/\/propuestaciudadana.org.pe\/forociudadano-celac-ue\/wp-json\/wp\/v2\/types\/post"}],"author":[{"embeddable":true,"href":"https:\/\/propuestaciudadana.org.pe\/forociudadano-celac-ue\/wp-json\/wp\/v2\/users\/1"}],"replies":[{"embeddable":true,"href":"https:\/\/propuestaciudadana.org.pe\/forociudadano-celac-ue\/wp-json\/wp\/v2\/comments?post=12578"}],"version-history":[{"count":4,"href":"https:\/\/propuestaciudadana.org.pe\/forociudadano-celac-ue\/wp-json\/wp\/v2\/posts\/12578\/revisions"}],"predecessor-version":[{"id":12635,"href":"https:\/\/propuestaciudadana.org.pe\/forociudadano-celac-ue\/wp-json\/wp\/v2\/posts\/12578\/revisions\/12635"}],"wp:featuredmedia":[{"embeddable":true,"href":"https:\/\/propuestaciudadana.org.pe\/forociudadano-celac-ue\/wp-json\/wp\/v2\/media\/12581"}],"wp:attachment":[{"href":"https:\/\/propuestaciudadana.org.pe\/forociudadano-celac-ue\/wp-json\/wp\/v2\/media?parent=12578"}],"wp:term":[{"taxonomy":"category","embeddable":true,"href":"https:\/\/propuestaciudadana.org.pe\/forociudadano-celac-ue\/wp-json\/wp\/v2\/categories?post=12578"},{"taxonomy":"post_tag","embeddable":true,"href":"https:\/\/propuestaciudadana.org.pe\/forociudadano-celac-ue\/wp-json\/wp\/v2\/tags?post=12578"}],"curies":[{"name":"wp","href":"https:\/\/api.w.org\/{rel}","templated":true}]}}